{"id":1548,"date":"2021-02-24T02:00:23","date_gmt":"2021-02-24T01:00:23","guid":{"rendered":"https:\/\/weblog.rolandtenhove.nl\/?p=1548"},"modified":"2022-02-18T02:35:17","modified_gmt":"2022-02-18T01:35:17","slug":"1548","status":"publish","type":"post","link":"https:\/\/weblog.rolandtenhove.nl\/?p=1548","title":{"rendered":"Estlands eerste onafhankelijkheid"},"content":{"rendered":"<div id=\"fb-root\"><\/div>\n<p><img loading=\"lazy\" decoding=\"async\" class=\"alignnone wp-image-1566 size-full\" src=\"https:\/\/weblog.rolandtenhove.nl\/wp-content\/uploads\/2021\/02\/label-eestivisioon-liggend-17-1.png\" alt=\"\" width=\"2480\" height=\"471\" srcset=\"https:\/\/weblog.rolandtenhove.nl\/wp-content\/uploads\/2021\/02\/label-eestivisioon-liggend-17-1.png 2480w, https:\/\/weblog.rolandtenhove.nl\/wp-content\/uploads\/2021\/02\/label-eestivisioon-liggend-17-1-300x57.png 300w, https:\/\/weblog.rolandtenhove.nl\/wp-content\/uploads\/2021\/02\/label-eestivisioon-liggend-17-1-1024x194.png 1024w, https:\/\/weblog.rolandtenhove.nl\/wp-content\/uploads\/2021\/02\/label-eestivisioon-liggend-17-1-768x146.png 768w, https:\/\/weblog.rolandtenhove.nl\/wp-content\/uploads\/2021\/02\/label-eestivisioon-liggend-17-1-1536x292.png 1536w, https:\/\/weblog.rolandtenhove.nl\/wp-content\/uploads\/2021\/02\/label-eestivisioon-liggend-17-1-2048x389.png 2048w\" sizes=\"auto, (max-width: 2480px) 100vw, 2480px\" \/><\/p>\n<figure id=\"attachment_1562\" aria-describedby=\"caption-attachment-1562\" style=\"width: 199px\" class=\"wp-caption alignleft\"><img loading=\"lazy\" decoding=\"async\" class=\"wp-image-1562 size-medium\" src=\"https:\/\/weblog.rolandtenhove.nl\/wp-content\/uploads\/2021\/02\/vabadusevaljak-edit-199x300.jpg\" alt=\"\" width=\"199\" height=\"300\" srcset=\"https:\/\/weblog.rolandtenhove.nl\/wp-content\/uploads\/2021\/02\/vabadusevaljak-edit-199x300.jpg 199w, https:\/\/weblog.rolandtenhove.nl\/wp-content\/uploads\/2021\/02\/vabadusevaljak-edit-678x1024.jpg 678w, https:\/\/weblog.rolandtenhove.nl\/wp-content\/uploads\/2021\/02\/vabadusevaljak-edit-768x1159.jpg 768w, https:\/\/weblog.rolandtenhove.nl\/wp-content\/uploads\/2021\/02\/vabadusevaljak-edit-1018x1536.jpg 1018w, https:\/\/weblog.rolandtenhove.nl\/wp-content\/uploads\/2021\/02\/vabadusevaljak-edit-1357x2048.jpg 1357w, https:\/\/weblog.rolandtenhove.nl\/wp-content\/uploads\/2021\/02\/vabadusevaljak-edit-scaled.jpg 1696w\" sizes=\"auto, (max-width: 199px) 100vw, 199px\" \/><figcaption id=\"caption-attachment-1562\" class=\"wp-caption-text\">Vabaduss\u00f5ja v\u00f5idusammas<\/figcaption><\/figure>\n<p><strong>Het is vandaag precies 103 jaar dat Estland voor het eerst onafhankelijk werd van Rusland. Deze dag, Iseseisvusp\u00e4ev wordt in Estland uitgebreid gevierd, en wordt gezien als de geboortedag van de republiek. Deze dag mag niet verward worden met \u201ctaasiseseisvumisp\u00e4ev\u201d, welke op 20 augustus valt. Dan wordt namelijk de in 1991 herwonnen onafhankelijkheid gevierd.<\/strong><\/p>\n<p>Terug naar 1918. Toen de tsaar was afgezet, wisten Estse politici snel een wetsontwerp in te dienen bij de Russische voorlopige regering die onder leiding stond van Aleksandr Kerenski. In dit voorstel werd zelfbestuur voor Estland geregeld. Kerenski ging niet direct akkoord, maar kon de demonstraties niet negeren. Uiteindelijk ging Rusland wel akkoord, en werd in Estland de Maap\u00e4ev gekozen.<\/p>\n<p>De Maap\u00e4ev zou diverse zaken in het autonome Estland gaan regelen, maar de politieke situatie in Rusland zorgde voor beren op de weg. De Bolsjewieken kwamen aan de macht en zetten de Maap\u00e4ev in november 1917 buitenspel. Ondertussen rommelde het ook aan de andere kant van Europa. Het Duitse leger rukte op en kwam in februari 1918 gevaarlijk dichtbij. Terwijl de Sovjet-Unie bij de vrede van Brest-Litovsk de Baltische staten hadden overgedragen aan de Duitsers, die er grootse plannen mee hadden, hadden de Esten zelf heel andere idee\u00ebn.<\/p>\n<p>Op 24 februari 1918 riepen Konstantin P\u00e4ts, J\u00fcri Vilms en Konstantin Konik de Maap\u00e4ev bijeen om de onafhankelijkheid uit te roepen. De inkt op de onafhankelijkheidsverklaring was nog niet droog, of de Duitsers vielen Estland binnen en interneerden de complete Estse leiding. De Duitsers wilden de Baltische staten samenvoegen tot een Baltisch hertogdom, dat geleid zou worden door de Baltisch-Duitse adel. De plannen gingen niet door, omdat Duitsland capituleerde.<\/p>\n<p>Daarmee was de onafhankelijkheid nog steeds geen voldongen feit. Na het vertrek van de Duisters, waren de Sovjets weer terug. Tussen november 1918 en 1920 werd een felle strijd geleverd. In december 1918 viel rond Kerst de hoofdstad bijna in handen van het Bolsjewistische leger. Een vrijwilligersleger werd opgericht en kreeg onder andere hulp vanuit Finland.<\/p>\n<p>In februari 1919 was het de Esten gelukt om het Bolsjewistische leger van het complete Ests grondgebied te verjagen. Ook Noord-Letland was deels bevrijd, al kwam het daar in juni 1919 nog tot een veldslag bij C\u0113sis. Daar probeerde de Baltische Landeswehr terrein te winnen om tot een grote Baltische staat te komen. Deze overwinning wordt in Estland nog altijd gevierd als \u201cv\u00f5idup\u00fcha\u201d op 23 juni.<\/p>\n<p>Ondertussen speelde nog een probleem. Een anticommunistisch leger probeerde vanuit Estland Petrograd te veroveren. Dit leger opereerde wel vanaf Ests grondgebied, maar erkende de onafhankelijkheid niet. Het leger werd vervolgens verslagen door het Bolsjewistische leger, dat vervolgens tevergeefs koers zette naar Estland. Het lukte hen echter niet om Estland te heroveren.<\/p>\n<p>Na nog enkele mislukte pogingen, besloot Lenin vrede te sluiten. In februari 1920 werd de Vrede van Tartu getekend, en keerde de rust terug omdat de Sovjet-Unie de onafhankelijkheid van Estland erkende. Aan deze situatie kwam op 23 augustus 1939 een einde, nadat het Molotov-Ribbentroppact werd gesloten, Estland werd toegekend aan de Sovjet-Unie; net als Letland en Litouwen. Het wantrouwen was groot, van beide zijden. Estland had de Vrede van Tartu nog in het geheugen, de Sovjet-Unie bespeurde een anti-Sovjethouding. Toen dit in juni 1940 dreigde te escaleren, ging Estland overstag om een bloedbad te voorkomen. De eerste Sovjet-bezetting was een feit.<\/p>\n<p>In Estland staat op Vabaduse V\u00e4ljak, het Vrijheidsplein, ter nagedachtenis van deze vrijheidsstrijd een monument, dat zowel overdag als \u2019s avonds niet te missen is. Op dit plein worden tot op de dag van vandaag zowel feesten gevierd als herdenkingen gehouden.<\/p>\n","protected":false},"excerpt":{"rendered":"<p>Het is vandaag precies 103 jaar dat Estland voor het eerst onafhankelijk werd van Rusland. Deze dag, Iseseisvusp\u00e4ev wordt in Estland uitgebreid gevierd, en wordt gezien als de geboortedag van de republiek. Deze dag mag<\/p>\n","protected":false},"author":1,"featured_media":2286,"comment_status":"closed","ping_status":"open","sticky":false,"template":"","format":"standard","meta":{"_jetpack_memberships_contains_paid_content":false,"footnotes":""},"categories":[31],"tags":[],"class_list":["post-1548","post","type-post","status-publish","format-standard","has-post-thumbnail","hentry","category-nieuws-uit-estland"],"jetpack_featured_media_url":"https:\/\/weblog.rolandtenhove.nl\/wp-content\/uploads\/2021\/02\/ev-vabaduse-valjak5.jpg","featured_image_src":"https:\/\/weblog.rolandtenhove.nl\/wp-content\/uploads\/2021\/02\/ev-vabaduse-valjak5.jpg","featured_image_src_square":"https:\/\/weblog.rolandtenhove.nl\/wp-content\/uploads\/2021\/02\/ev-vabaduse-valjak5.jpg","author_info":{"display_name":"RtH","author_link":"https:\/\/weblog.rolandtenhove.nl\/?author=1"},"rbea_author_info":{"display_name":"RtH","author_link":"https:\/\/weblog.rolandtenhove.nl\/?author=1"},"rbea_excerpt_info":"Het is vandaag precies 103 jaar dat Estland voor het eerst onafhankelijk werd van Rusland. Deze dag, Iseseisvusp\u00e4ev wordt in Estland uitgebreid gevierd, en wordt gezien als de geboortedag van de republiek. Deze dag mag","category_list":"<a href=\"https:\/\/weblog.rolandtenhove.nl\/?cat=31\" rel=\"category\">Nieuws uit Estland<\/a>","comments_num":"0 comments","jetpack_sharing_enabled":true,"jetpack_likes_enabled":true,"_links":{"self":[{"href":"https:\/\/weblog.rolandtenhove.nl\/index.php?rest_route=\/wp\/v2\/posts\/1548","targetHints":{"allow":["GET"]}}],"collection":[{"href":"https:\/\/weblog.rolandtenhove.nl\/index.php?rest_route=\/wp\/v2\/posts"}],"about":[{"href":"https:\/\/weblog.rolandtenhove.nl\/index.php?rest_route=\/wp\/v2\/types\/post"}],"author":[{"embeddable":true,"href":"https:\/\/weblog.rolandtenhove.nl\/index.php?rest_route=\/wp\/v2\/users\/1"}],"replies":[{"embeddable":true,"href":"https:\/\/weblog.rolandtenhove.nl\/index.php?rest_route=%2Fwp%2Fv2%2Fcomments&post=1548"}],"version-history":[{"count":18,"href":"https:\/\/weblog.rolandtenhove.nl\/index.php?rest_route=\/wp\/v2\/posts\/1548\/revisions"}],"predecessor-version":[{"id":1575,"href":"https:\/\/weblog.rolandtenhove.nl\/index.php?rest_route=\/wp\/v2\/posts\/1548\/revisions\/1575"}],"wp:featuredmedia":[{"embeddable":true,"href":"https:\/\/weblog.rolandtenhove.nl\/index.php?rest_route=\/wp\/v2\/media\/2286"}],"wp:attachment":[{"href":"https:\/\/weblog.rolandtenhove.nl\/index.php?rest_route=%2Fwp%2Fv2%2Fmedia&parent=1548"}],"wp:term":[{"taxonomy":"category","embeddable":true,"href":"https:\/\/weblog.rolandtenhove.nl\/index.php?rest_route=%2Fwp%2Fv2%2Fcategories&post=1548"},{"taxonomy":"post_tag","embeddable":true,"href":"https:\/\/weblog.rolandtenhove.nl\/index.php?rest_route=%2Fwp%2Fv2%2Ftags&post=1548"}],"curies":[{"name":"wp","href":"https:\/\/api.w.org\/{rel}","templated":true}]}}