{"id":1790,"date":"2021-10-10T01:00:33","date_gmt":"2021-10-09T23:00:33","guid":{"rendered":"https:\/\/weblog.rolandtenhove.nl\/?p=1790"},"modified":"2022-02-20T23:17:04","modified_gmt":"2022-02-20T22:17:04","slug":"de-o-o-grens","status":"publish","type":"post","link":"https:\/\/weblog.rolandtenhove.nl\/?p=1790","title":{"rendered":"De \u00d6-\u00d5-grens"},"content":{"rendered":"<div id=\"fb-root\"><\/div>\n<p><img loading=\"lazy\" decoding=\"async\" class=\"alignnone size-full wp-image-1566\" src=\"https:\/\/weblog.rolandtenhove.nl\/wp-content\/uploads\/2021\/02\/label-eestivisioon-liggend-17-1.png\" alt=\"\" width=\"2480\" height=\"471\" srcset=\"https:\/\/weblog.rolandtenhove.nl\/wp-content\/uploads\/2021\/02\/label-eestivisioon-liggend-17-1.png 2480w, https:\/\/weblog.rolandtenhove.nl\/wp-content\/uploads\/2021\/02\/label-eestivisioon-liggend-17-1-300x57.png 300w, https:\/\/weblog.rolandtenhove.nl\/wp-content\/uploads\/2021\/02\/label-eestivisioon-liggend-17-1-1024x194.png 1024w, https:\/\/weblog.rolandtenhove.nl\/wp-content\/uploads\/2021\/02\/label-eestivisioon-liggend-17-1-768x146.png 768w, https:\/\/weblog.rolandtenhove.nl\/wp-content\/uploads\/2021\/02\/label-eestivisioon-liggend-17-1-1536x292.png 1536w, https:\/\/weblog.rolandtenhove.nl\/wp-content\/uploads\/2021\/02\/label-eestivisioon-liggend-17-1-2048x389.png 2048w\" sizes=\"auto, (max-width: 2480px) 100vw, 2480px\" \/><\/p>\n<p><strong>Het Estse alfabet is uitgebreider dan het Nederlandse. Waar wij gebruik maken van de standaardset letters, hebben de Esten het aangevuld met onder andere de \u00c4, \u00dc, \u0160 en \u017d. Maar ook de \u00d6 en \u00d5 maken onderdeel uit van het alfabet. Met name de laatste letter is een bijzondere, die naast het Ests enkel nog in het Portugees voorkomt.<\/strong><\/p>\n<p>De \u00d5 geeft een ontronde O-klank weer, aldus wikipedia. Deze klinker komt voor als korte en lange klank, men schrijft dan simpelweg \u00d5\u00d5. Echter wordt deze letter niet in heel Estland gebruikt. Op een deel van het eiland Saaremaa wordt een dialect van het Ests gesproken waarin de \u00d5-klank is vervangen door de \u00d6-klank.<\/p>\n<p>Dit is zelfs geografisch af te bakenen. Op de grens tussen deze twee taalgebieden, die loopt van Orissaare in het noorden tot K\u00f5iguste in het zuiden, is een groot kunstwerk geplaatst in de vorm van een \u201cO\u201d, met daarboven op twee puntjes en een tilde, zodat de letter zowel de \u00d6 als de \u00d5 voorstelt. Ten westen van dit beeld gebruikt men de \u00d6, ten oosten, in de rest van Estland, de \u00d5 (en uiteraard ook de \u00d6 in de woorden waarin deze voorkomt).<\/p>\n","protected":false},"excerpt":{"rendered":"<p>Het Estse alfabet is uitgebreider dan het Nederlandse. Waar wij gebruik maken van de standaardset letters, hebben de Esten het aangevuld met onder andere de \u00c4, \u00dc, \u0160 en \u017d. Maar ook de \u00d6 en<\/p>\n","protected":false},"author":1,"featured_media":2342,"comment_status":"open","ping_status":"open","sticky":false,"template":"","format":"standard","meta":{"_jetpack_memberships_contains_paid_content":false,"footnotes":""},"categories":[31],"tags":[],"class_list":["post-1790","post","type-post","status-publish","format-standard","has-post-thumbnail","hentry","category-nieuws-uit-estland"],"jetpack_featured_media_url":"https:\/\/weblog.rolandtenhove.nl\/wp-content\/uploads\/2022\/01\/ev-filler.jpg","featured_image_src":"https:\/\/weblog.rolandtenhove.nl\/wp-content\/uploads\/2022\/01\/ev-filler.jpg","featured_image_src_square":"https:\/\/weblog.rolandtenhove.nl\/wp-content\/uploads\/2022\/01\/ev-filler.jpg","author_info":{"display_name":"RtH","author_link":"https:\/\/weblog.rolandtenhove.nl\/?author=1"},"rbea_author_info":{"display_name":"RtH","author_link":"https:\/\/weblog.rolandtenhove.nl\/?author=1"},"rbea_excerpt_info":"Het Estse alfabet is uitgebreider dan het Nederlandse. Waar wij gebruik maken van de standaardset letters, hebben de Esten het aangevuld met onder andere de \u00c4, \u00dc, \u0160 en \u017d. Maar ook de \u00d6 en","category_list":"<a href=\"https:\/\/weblog.rolandtenhove.nl\/?cat=31\" rel=\"category\">Nieuws uit Estland<\/a>","comments_num":"0 comments","jetpack_sharing_enabled":true,"jetpack_likes_enabled":true,"_links":{"self":[{"href":"https:\/\/weblog.rolandtenhove.nl\/index.php?rest_route=\/wp\/v2\/posts\/1790","targetHints":{"allow":["GET"]}}],"collection":[{"href":"https:\/\/weblog.rolandtenhove.nl\/index.php?rest_route=\/wp\/v2\/posts"}],"about":[{"href":"https:\/\/weblog.rolandtenhove.nl\/index.php?rest_route=\/wp\/v2\/types\/post"}],"author":[{"embeddable":true,"href":"https:\/\/weblog.rolandtenhove.nl\/index.php?rest_route=\/wp\/v2\/users\/1"}],"replies":[{"embeddable":true,"href":"https:\/\/weblog.rolandtenhove.nl\/index.php?rest_route=%2Fwp%2Fv2%2Fcomments&post=1790"}],"version-history":[{"count":1,"href":"https:\/\/weblog.rolandtenhove.nl\/index.php?rest_route=\/wp\/v2\/posts\/1790\/revisions"}],"predecessor-version":[{"id":1791,"href":"https:\/\/weblog.rolandtenhove.nl\/index.php?rest_route=\/wp\/v2\/posts\/1790\/revisions\/1791"}],"wp:featuredmedia":[{"embeddable":true,"href":"https:\/\/weblog.rolandtenhove.nl\/index.php?rest_route=\/wp\/v2\/media\/2342"}],"wp:attachment":[{"href":"https:\/\/weblog.rolandtenhove.nl\/index.php?rest_route=%2Fwp%2Fv2%2Fmedia&parent=1790"}],"wp:term":[{"taxonomy":"category","embeddable":true,"href":"https:\/\/weblog.rolandtenhove.nl\/index.php?rest_route=%2Fwp%2Fv2%2Fcategories&post=1790"},{"taxonomy":"post_tag","embeddable":true,"href":"https:\/\/weblog.rolandtenhove.nl\/index.php?rest_route=%2Fwp%2Fv2%2Ftags&post=1790"}],"curies":[{"name":"wp","href":"https:\/\/api.w.org\/{rel}","templated":true}]}}