{"id":2609,"date":"2022-02-27T00:01:45","date_gmt":"2022-02-26T23:01:45","guid":{"rendered":"https:\/\/weblog.rolandtenhove.nl\/?p=2609"},"modified":"2022-02-26T23:51:00","modified_gmt":"2022-02-26T22:51:00","slug":"estland-sluit-luchtruim-voor-rusland","status":"publish","type":"post","link":"https:\/\/weblog.rolandtenhove.nl\/?p=2609","title":{"rendered":"Estland sluit luchtruim voor Rusland"},"content":{"rendered":"<div id=\"fb-root\"><\/div>\n<p><img loading=\"lazy\" decoding=\"async\" class=\"alignnone size-full wp-image-1566\" src=\"https:\/\/weblog.rolandtenhove.nl\/wp-content\/uploads\/2021\/02\/label-eestivisioon-liggend-17-1.png\" alt=\"\" width=\"2480\" height=\"471\" srcset=\"https:\/\/weblog.rolandtenhove.nl\/wp-content\/uploads\/2021\/02\/label-eestivisioon-liggend-17-1.png 2480w, https:\/\/weblog.rolandtenhove.nl\/wp-content\/uploads\/2021\/02\/label-eestivisioon-liggend-17-1-300x57.png 300w, https:\/\/weblog.rolandtenhove.nl\/wp-content\/uploads\/2021\/02\/label-eestivisioon-liggend-17-1-1024x194.png 1024w, https:\/\/weblog.rolandtenhove.nl\/wp-content\/uploads\/2021\/02\/label-eestivisioon-liggend-17-1-768x146.png 768w, https:\/\/weblog.rolandtenhove.nl\/wp-content\/uploads\/2021\/02\/label-eestivisioon-liggend-17-1-1536x292.png 1536w, https:\/\/weblog.rolandtenhove.nl\/wp-content\/uploads\/2021\/02\/label-eestivisioon-liggend-17-1-2048x389.png 2048w\" sizes=\"auto, (max-width: 2480px) 100vw, 2480px\" \/><\/p>\n<p><strong>De Estse minister van infrastructuur en economische zaken, Taavi Aas, heeft besloten dat het Estse luchtruim gesloten zal worden voor Russische vliegtuigen. De maatregel is zojuist ingegaan.<\/strong><\/p>\n<p>Door deze maatregel is het voor vliegtuigen behorende tot de vloot van Russische maatschappijen niet meer mogelijk om van en naar Estland te vliegen. Ook over Estland heen vliegen, is verboden. Er zijn wel uitzonderingen voor noodlandingen en reddingsoperaties. Per geval kijkt het ministerie of het vliegtuig welkom is. Priv\u00e9vliegtuigen van Russen zijn evenmin welkom in en boven Estland.<\/p>\n<p>Het initiatief voor deze maatregel werd genomen door Polen, dat na het sluiten van het Poolse luchtruim ook andere landen opriep mee te doen. Deze oproep werd overgenomen door de minister-president van Estland, Kaja Kallas.<\/p>\n<p>Op dit moment hebben naast Polen en Estland ook Letland, Litouwen, Tsjechi\u00eb, Sloveni\u00eb, Roemeni\u00eb, Bulgarije, Moldavi\u00eb en het Verenigd Koninkrijk het luchtruim gesloten. Oekra\u00efne besloot dit al in 2015 te doen. Rusland heeft enkel op de Britse maatregel gereageerd door vliegtuigen uit dat land te weren.<\/p>\n","protected":false},"excerpt":{"rendered":"<p>De Estse minister van infrastructuur en economische zaken, Taavi Aas, heeft besloten dat het Estse luchtruim gesloten zal worden voor Russische vliegtuigen. De maatregel is zojuist ingegaan. Door deze maatregel is het voor vliegtuigen behorende<\/p>\n","protected":false},"author":1,"featured_media":2610,"comment_status":"closed","ping_status":"open","sticky":false,"template":"","format":"standard","meta":{"_jetpack_memberships_contains_paid_content":false,"footnotes":""},"categories":[31],"tags":[],"class_list":["post-2609","post","type-post","status-publish","format-standard","has-post-thumbnail","hentry","category-nieuws-uit-estland"],"jetpack_featured_media_url":"https:\/\/weblog.rolandtenhove.nl\/wp-content\/uploads\/2022\/02\/ev-lennujaam.jpg","featured_image_src":"https:\/\/weblog.rolandtenhove.nl\/wp-content\/uploads\/2022\/02\/ev-lennujaam.jpg","featured_image_src_square":"https:\/\/weblog.rolandtenhove.nl\/wp-content\/uploads\/2022\/02\/ev-lennujaam.jpg","author_info":{"display_name":"RtH","author_link":"https:\/\/weblog.rolandtenhove.nl\/?author=1"},"rbea_author_info":{"display_name":"RtH","author_link":"https:\/\/weblog.rolandtenhove.nl\/?author=1"},"rbea_excerpt_info":"De Estse minister van infrastructuur en economische zaken, Taavi Aas, heeft besloten dat het Estse luchtruim gesloten zal worden voor Russische vliegtuigen. De maatregel is zojuist ingegaan. Door deze maatregel is het voor vliegtuigen behorende","category_list":"<a href=\"https:\/\/weblog.rolandtenhove.nl\/?cat=31\" rel=\"category\">Nieuws uit Estland<\/a>","comments_num":"0 comments","jetpack_sharing_enabled":true,"jetpack_likes_enabled":true,"_links":{"self":[{"href":"https:\/\/weblog.rolandtenhove.nl\/index.php?rest_route=\/wp\/v2\/posts\/2609","targetHints":{"allow":["GET"]}}],"collection":[{"href":"https:\/\/weblog.rolandtenhove.nl\/index.php?rest_route=\/wp\/v2\/posts"}],"about":[{"href":"https:\/\/weblog.rolandtenhove.nl\/index.php?rest_route=\/wp\/v2\/types\/post"}],"author":[{"embeddable":true,"href":"https:\/\/weblog.rolandtenhove.nl\/index.php?rest_route=\/wp\/v2\/users\/1"}],"replies":[{"embeddable":true,"href":"https:\/\/weblog.rolandtenhove.nl\/index.php?rest_route=%2Fwp%2Fv2%2Fcomments&post=2609"}],"version-history":[{"count":1,"href":"https:\/\/weblog.rolandtenhove.nl\/index.php?rest_route=\/wp\/v2\/posts\/2609\/revisions"}],"predecessor-version":[{"id":2611,"href":"https:\/\/weblog.rolandtenhove.nl\/index.php?rest_route=\/wp\/v2\/posts\/2609\/revisions\/2611"}],"wp:featuredmedia":[{"embeddable":true,"href":"https:\/\/weblog.rolandtenhove.nl\/index.php?rest_route=\/wp\/v2\/media\/2610"}],"wp:attachment":[{"href":"https:\/\/weblog.rolandtenhove.nl\/index.php?rest_route=%2Fwp%2Fv2%2Fmedia&parent=2609"}],"wp:term":[{"taxonomy":"category","embeddable":true,"href":"https:\/\/weblog.rolandtenhove.nl\/index.php?rest_route=%2Fwp%2Fv2%2Fcategories&post=2609"},{"taxonomy":"post_tag","embeddable":true,"href":"https:\/\/weblog.rolandtenhove.nl\/index.php?rest_route=%2Fwp%2Fv2%2Ftags&post=2609"}],"curies":[{"name":"wp","href":"https:\/\/api.w.org\/{rel}","templated":true}]}}