{"id":2612,"date":"2022-02-27T00:02:11","date_gmt":"2022-02-26T23:02:11","guid":{"rendered":"https:\/\/weblog.rolandtenhove.nl\/?p=2612"},"modified":"2022-02-27T01:16:22","modified_gmt":"2022-02-27T00:16:22","slug":"esten-tonen-solidariteit","status":"publish","type":"post","link":"https:\/\/weblog.rolandtenhove.nl\/?p=2612","title":{"rendered":"Esten tonen solidariteit"},"content":{"rendered":"<div id=\"fb-root\"><\/div>\n<p><img loading=\"lazy\" decoding=\"async\" class=\"alignnone size-full wp-image-1566\" src=\"https:\/\/weblog.rolandtenhove.nl\/wp-content\/uploads\/2021\/02\/label-eestivisioon-liggend-17-1.png\" alt=\"\" width=\"2480\" height=\"471\" srcset=\"https:\/\/weblog.rolandtenhove.nl\/wp-content\/uploads\/2021\/02\/label-eestivisioon-liggend-17-1.png 2480w, https:\/\/weblog.rolandtenhove.nl\/wp-content\/uploads\/2021\/02\/label-eestivisioon-liggend-17-1-300x57.png 300w, https:\/\/weblog.rolandtenhove.nl\/wp-content\/uploads\/2021\/02\/label-eestivisioon-liggend-17-1-1024x194.png 1024w, https:\/\/weblog.rolandtenhove.nl\/wp-content\/uploads\/2021\/02\/label-eestivisioon-liggend-17-1-768x146.png 768w, https:\/\/weblog.rolandtenhove.nl\/wp-content\/uploads\/2021\/02\/label-eestivisioon-liggend-17-1-1536x292.png 1536w, https:\/\/weblog.rolandtenhove.nl\/wp-content\/uploads\/2021\/02\/label-eestivisioon-liggend-17-1-2048x389.png 2048w\" sizes=\"auto, (max-width: 2480px) 100vw, 2480px\" \/><\/p>\n<p><strong>Gisteren hebben tienduizenden mensen in Estland gedemonstreerd tegen de Russisch invasie in Oekra\u00efne. Tegelijkertijd betuigden ze steun aan de Oekra\u00efeners. Het protest werd live op tv uitgezonden.<\/strong><\/p>\n<p>De demonstratie vond plaats op Vabaduse V\u00e4ljak (Vrijheidsplein) in Tallinn, nabij het monument dat herinnert aan de onafhankelijkheidsstrijd van Estland, 104 jaar geleden. Volgens een woordvoerder van de politie waren ruim 30.000 mensen naar het plein gekomen. Doordat deze mensenmassa niet helemaal op het plein paste, stonden in aangrenzende straten ook demonstranten.<\/p>\n<p>Aan het begin van deze demonstratie werden de volksliederen van Oekra\u00efne en Estland gespeeld. President van Estland, Alar Karis, sprak de aanwezigen en de kijkers thuis toe. In deze toespraak benadrukte hij dat dit een oorlog is van Poetin tegen Oekra\u00efne en niet die van het Russische volk. Daarnaast waren er ook toespraken van de voorzitter van de Estse Studentenunie, Marcus Ehasoo en de voorzitster van het Oekra\u00efens Congres in Estland, Vira Konyk.<\/p>\n<p>Tegelijkertijd konden kijkers thuis geld doneren aan diverse goede doelen die zich inzetten voor Oekra\u00efne. De websites en rekeningnummers verschenen afwisselend in beeld. De Oekra\u00efense ambassadeur in Estland, Mariana Betsa, liet weten ontroerd te zijn door de massale opkomst in Tallinn.<\/p>\n<p>Naast dit grote protest in Tallinn vonden eerder op de dag ook kleinere demonstraties plaats in Tartu, Kivi\u00f5li en Narva. Met name de laatste plaats is opvallend vanwege de voornamelijk Russische bevolking. Dit lijkt het beeld te bevestigen dat niet de gehele Russische bevolking achter de oorlog staat. In Kivi\u00f5li, gelegen in Oost-Estland, werd een Oekra\u00efense vlag van 46 meter lang en 1,8 meter breed uitgerold om steun te betuigen.<\/p>\n","protected":false},"excerpt":{"rendered":"<p>Gisteren hebben tienduizenden mensen in Estland gedemonstreerd tegen de Russisch invasie in Oekra\u00efne. Tegelijkertijd betuigden ze steun aan de Oekra\u00efeners. Het protest werd live op tv uitgezonden. De demonstratie vond plaats op Vabaduse V\u00e4ljak (Vrijheidsplein)<\/p>\n","protected":false},"author":1,"featured_media":2614,"comment_status":"closed","ping_status":"open","sticky":false,"template":"","format":"standard","meta":{"_jetpack_memberships_contains_paid_content":false,"footnotes":""},"categories":[31],"tags":[],"class_list":["post-2612","post","type-post","status-publish","format-standard","has-post-thumbnail","hentry","category-nieuws-uit-estland"],"jetpack_featured_media_url":"https:\/\/weblog.rolandtenhove.nl\/wp-content\/uploads\/2022\/02\/ev-protest-ukr2-scaled.jpg","featured_image_src":"https:\/\/weblog.rolandtenhove.nl\/wp-content\/uploads\/2022\/02\/ev-protest-ukr2-scaled.jpg","featured_image_src_square":"https:\/\/weblog.rolandtenhove.nl\/wp-content\/uploads\/2022\/02\/ev-protest-ukr2-scaled.jpg","author_info":{"display_name":"RtH","author_link":"https:\/\/weblog.rolandtenhove.nl\/?author=1"},"rbea_author_info":{"display_name":"RtH","author_link":"https:\/\/weblog.rolandtenhove.nl\/?author=1"},"rbea_excerpt_info":"Gisteren hebben tienduizenden mensen in Estland gedemonstreerd tegen de Russisch invasie in Oekra\u00efne. Tegelijkertijd betuigden ze steun aan de Oekra\u00efeners. Het protest werd live op tv uitgezonden. De demonstratie vond plaats op Vabaduse V\u00e4ljak (Vrijheidsplein)","category_list":"<a href=\"https:\/\/weblog.rolandtenhove.nl\/?cat=31\" rel=\"category\">Nieuws uit Estland<\/a>","comments_num":"0 comments","jetpack_sharing_enabled":true,"jetpack_likes_enabled":true,"_links":{"self":[{"href":"https:\/\/weblog.rolandtenhove.nl\/index.php?rest_route=\/wp\/v2\/posts\/2612","targetHints":{"allow":["GET"]}}],"collection":[{"href":"https:\/\/weblog.rolandtenhove.nl\/index.php?rest_route=\/wp\/v2\/posts"}],"about":[{"href":"https:\/\/weblog.rolandtenhove.nl\/index.php?rest_route=\/wp\/v2\/types\/post"}],"author":[{"embeddable":true,"href":"https:\/\/weblog.rolandtenhove.nl\/index.php?rest_route=\/wp\/v2\/users\/1"}],"replies":[{"embeddable":true,"href":"https:\/\/weblog.rolandtenhove.nl\/index.php?rest_route=%2Fwp%2Fv2%2Fcomments&post=2612"}],"version-history":[{"count":3,"href":"https:\/\/weblog.rolandtenhove.nl\/index.php?rest_route=\/wp\/v2\/posts\/2612\/revisions"}],"predecessor-version":[{"id":2651,"href":"https:\/\/weblog.rolandtenhove.nl\/index.php?rest_route=\/wp\/v2\/posts\/2612\/revisions\/2651"}],"wp:featuredmedia":[{"embeddable":true,"href":"https:\/\/weblog.rolandtenhove.nl\/index.php?rest_route=\/wp\/v2\/media\/2614"}],"wp:attachment":[{"href":"https:\/\/weblog.rolandtenhove.nl\/index.php?rest_route=%2Fwp%2Fv2%2Fmedia&parent=2612"}],"wp:term":[{"taxonomy":"category","embeddable":true,"href":"https:\/\/weblog.rolandtenhove.nl\/index.php?rest_route=%2Fwp%2Fv2%2Fcategories&post=2612"},{"taxonomy":"post_tag","embeddable":true,"href":"https:\/\/weblog.rolandtenhove.nl\/index.php?rest_route=%2Fwp%2Fv2%2Ftags&post=2612"}],"curies":[{"name":"wp","href":"https:\/\/api.w.org\/{rel}","templated":true}]}}