{"id":3961,"date":"2023-09-03T00:00:11","date_gmt":"2023-09-02T22:00:11","guid":{"rendered":"https:\/\/weblog.rolandtenhove.nl\/?p=3961"},"modified":"2023-08-28T00:42:41","modified_gmt":"2023-08-27T22:42:41","slug":"vpro-tegenlicht-vrijheidsstrijders","status":"publish","type":"post","link":"https:\/\/weblog.rolandtenhove.nl\/?p=3961","title":{"rendered":"VPRO Tegenlicht: Vrijheidsstrijders"},"content":{"rendered":"<div id=\"fb-root\"><\/div>\n<p><strong>Op 23 maart van dit jaar, 2023, stond een uitzending van VPRO Tegenlicht volledig in het teken van Estland. Het thema van de uitzending; vrijheidsstrijders. In de uitzending worden drie leden van Kaitseliit ge\u00efnterviewd, spreekt premier Kaja Kallas en komt een ondernemer aan het woord die geld inzamelt voor middelen die naar het front in Oekra\u00efne worden gestuurd. Maar ook Johanna-Maria Lehtme wordt ge\u00efnterviewd. Nog geen week na de uitzending kwam Lehtme in opspraak.<\/strong><\/p>\n<p>Johanna-Maria Lehtme is geen onbekende in Estland. Kort nadat Rusland de oorlog in Oekra\u00efne startte legde zij haar werkzaamheden bij Pimedate \u00d6\u00f6de Festival, een filmfestival, neer en richtte ze het goede doel \u201cSlava Ukraini\u201d op. Deze organisatie wist in korte tijd veel bedrijven aan zich te binden. Daardoor wist de organisatie veel bekendheid te genereren en stroomden de donaties binnen. Slava Ukraini werd hierdoor een van de grootste Estse organisaties die zich voor Oekra\u00efne inzetten.<\/p>\n<p>Het leverde Lehtme in 2022 de titel \u201cEuropeaan van het Jaar\u201d op, een titel die in Estland wordt toegekend aan mensen die zich voor het goede doel inzetten. Ook de krant Postimees zette haar in het zonnetje, ze werd Persoon van het Jaar. In februari 2023 ontving ze voor haar inzet een presidenti\u00eble onderscheiding. Begin 2023 stelde zij zich verkiesbaar voor de partij Eesti 200, die tot dan toe nog nooit in de Riigikogu vertegenwoordigd was. Zowel Lehtme als de partij bleken populair en ze werd verkozen, terwijl ze nooit officieel lid is geworden van Eesti 200.<\/p>\n<p>Onthullingen van journalisten deden het tij keren. De krant Postimees onthulde eind april dat de speciale ambulances die Slava Ukraini liet bouwen, tegen een lager bedrag omgebouwd konden worden. Lehtme verklaarde dat de ombouw \u20ac3500 kostte en dat dit ook het bedrag was dat door de organisatie betaald was. Echter bleek uit onderzoek dat garages rondom Lviv, waar de werkzaamheden plaatsvonden, maximaal \u20ac1500 rekenden.<\/p>\n<p>Daarnaast bleken enkele geldstromen naar schimmige bedrijven in de boeken te staan. Zo wist een bedrijf in Oekra\u00efne, IC Construction, dat samenwerkte met Slava Ukraini, \u20ac250.000 winst te maken. Verder maakte Slava Ukraini ook nog eens \u20ac1,5 miljoen over naar het bedrijf IC Construction. Het bestuur van het bedrijf blijkt uit de kennissenkring van personen betrokken bij de Oekra\u00efense tak van het goede doel te bestaan. De formele eigenaar van dit bedrijf blijkt een nagelstyliste te zijn, die als katvanger gebruikt lijkt te zijn. Saillant detail is dat deze nagelstyliste in dienst is van de echtgenote van \u00e9\u00e9n van de hoofdbestuurders is van \u201cAll for Victory\u201d. Deze organisatie is de non-profittak van IC Construction.<\/p>\n<p>Deze onthullingen leidden tot strafrechtelijke onderzoeken in zowel Estland als Oekra\u00efne. De gevolgen voor Lehtme waren des te groter. Op 9 mei werd zij uit het bestuur van Slava Ukraini gezet. Aanvankelijk in afwachting van de onderzoeken, maar nieuwe onthullingen maakten een terugkeer onmogelijk. Op 16 mei onthulde Oleksandr Chernov, die als klokkenluider alle misstanden naar buiten bracht, dat Lehtme vanaf het begin van alle malversaties op de hoogte was. Enkele dagen later, op 19 mei, berichtte Eesti Ekspress dat Lehtme in \u00e9\u00e9n van haar vorige functies ook al eens had gefraudeerd.<\/p>\n<p>Ditmaal met onkostenvergoedingen, aldus de krant. De organisatie waar dit gebeurde, Euroopa Naiste Akadeemia, bevestigde dit bij monde van initiatiefnemer Annika Arras. Het zou gaan om substanti\u00eble viercijferige bedragen. Deze onthulling maakte in \u00e9\u00e9n klap een einde aan de reputatie van Lehtme. Onder druk van de Riigikogu gaf ze haar zetel op. De titel Persoon van het Jaar, toegekend door de krant Postimees, raakte ze kwijt, evenals de titel \u201cEuropeaan van het Jaar\u201d.<\/p>\n<p>Maar ook de reputatie van Slava Ukraini liep stevig averij op. Veel Esten twijfelden of hun donaties nog in goede handen waren bij deze organisatie. Doordat Slava Ukraini schoon schip maakte in het bestuur en openheid van zaken gaf, lijkt het tij te keren. Ook de noodzaak van humanitaire hulp aan Oekra\u00efne maakt dat Esten de organisatie weten te vinden. Al is het maar omdat Slava Ukraini een uitstekend netwerk heeft weten te behouden in het Estse bedrijfsleven.<\/p>\n<p>De middelen die in Oekra\u00efne terechtkomen, worden zeer gewaardeerd. Zo blijkt ook uit de reportage van VPRO. Tot nu toe zijn er 57 ambulances verzameld en naar Oekra\u00efne gestuurd, net als veel camouflagenetten die her en der in Estland geweven worden. Tel daarbij tal van kleding en andere goederen op die worden verzameld door honderden vrijwilligers in loodsen in Tallinn en Tartu.<\/p>\n<p>Door stug door te zetten, wil Slava Ukraini het roerige verleden achterlaten en zich weer volledig inzetten voor de Oekra\u00efners. Immers is lokale hulp, zolang Rusland de oorlog blijft voortzetten, meer dan nodig.<\/p>\n<p>Over de strafrechtelijke procedures zijn op dit moment nog geen details bekend gemaakt.<\/p>\n<p>De reportage van VPRO Tegenlicht terugkijken? Zeker doen. Dat kan via NPO Start of via <a href=\"https:\/\/www.vpro.nl\/programmas\/tegenlicht\/kijk\/afleveringen\/2023-2024\/vrijheidsstrijders.html\">deze link<\/a>.<\/p>\n","protected":false},"excerpt":{"rendered":"<p>Op 23 maart van dit jaar, 2023, stond een uitzending van VPRO Tegenlicht volledig in het teken van Estland. Het thema van de uitzending; vrijheidsstrijders. In de uitzending worden drie leden van Kaitseliit ge\u00efnterviewd, spreekt<\/p>\n","protected":false},"author":1,"featured_media":3417,"comment_status":"closed","ping_status":"open","sticky":false,"template":"","format":"standard","meta":{"_jetpack_memberships_contains_paid_content":false,"footnotes":""},"categories":[30,31],"tags":[],"class_list":["post-3961","post","type-post","status-publish","format-standard","has-post-thumbnail","hentry","category-nieuws","category-nieuws-uit-estland"],"jetpack_featured_media_url":"https:\/\/weblog.rolandtenhove.nl\/wp-content\/uploads\/2022\/12\/ev-slava.jpg","featured_image_src":"https:\/\/weblog.rolandtenhove.nl\/wp-content\/uploads\/2022\/12\/ev-slava.jpg","featured_image_src_square":"https:\/\/weblog.rolandtenhove.nl\/wp-content\/uploads\/2022\/12\/ev-slava.jpg","author_info":{"display_name":"RtH","author_link":"https:\/\/weblog.rolandtenhove.nl\/?author=1"},"rbea_author_info":{"display_name":"RtH","author_link":"https:\/\/weblog.rolandtenhove.nl\/?author=1"},"rbea_excerpt_info":"Op 23 maart van dit jaar, 2023, stond een uitzending van VPRO Tegenlicht volledig in het teken van Estland. Het thema van de uitzending; vrijheidsstrijders. In de uitzending worden drie leden van Kaitseliit ge\u00efnterviewd, spreekt","category_list":"<a href=\"https:\/\/weblog.rolandtenhove.nl\/?cat=30\" rel=\"category\">Nieuws<\/a>, <a href=\"https:\/\/weblog.rolandtenhove.nl\/?cat=31\" rel=\"category\">Nieuws uit Estland<\/a>","comments_num":"0 comments","jetpack_sharing_enabled":true,"jetpack_likes_enabled":true,"_links":{"self":[{"href":"https:\/\/weblog.rolandtenhove.nl\/index.php?rest_route=\/wp\/v2\/posts\/3961","targetHints":{"allow":["GET"]}}],"collection":[{"href":"https:\/\/weblog.rolandtenhove.nl\/index.php?rest_route=\/wp\/v2\/posts"}],"about":[{"href":"https:\/\/weblog.rolandtenhove.nl\/index.php?rest_route=\/wp\/v2\/types\/post"}],"author":[{"embeddable":true,"href":"https:\/\/weblog.rolandtenhove.nl\/index.php?rest_route=\/wp\/v2\/users\/1"}],"replies":[{"embeddable":true,"href":"https:\/\/weblog.rolandtenhove.nl\/index.php?rest_route=%2Fwp%2Fv2%2Fcomments&post=3961"}],"version-history":[{"count":1,"href":"https:\/\/weblog.rolandtenhove.nl\/index.php?rest_route=\/wp\/v2\/posts\/3961\/revisions"}],"predecessor-version":[{"id":3962,"href":"https:\/\/weblog.rolandtenhove.nl\/index.php?rest_route=\/wp\/v2\/posts\/3961\/revisions\/3962"}],"wp:featuredmedia":[{"embeddable":true,"href":"https:\/\/weblog.rolandtenhove.nl\/index.php?rest_route=\/wp\/v2\/media\/3417"}],"wp:attachment":[{"href":"https:\/\/weblog.rolandtenhove.nl\/index.php?rest_route=%2Fwp%2Fv2%2Fmedia&parent=3961"}],"wp:term":[{"taxonomy":"category","embeddable":true,"href":"https:\/\/weblog.rolandtenhove.nl\/index.php?rest_route=%2Fwp%2Fv2%2Fcategories&post=3961"},{"taxonomy":"post_tag","embeddable":true,"href":"https:\/\/weblog.rolandtenhove.nl\/index.php?rest_route=%2Fwp%2Fv2%2Ftags&post=3961"}],"curies":[{"name":"wp","href":"https:\/\/api.w.org\/{rel}","templated":true}]}}