{"id":4095,"date":"2023-10-24T00:00:19","date_gmt":"2023-10-23T22:00:19","guid":{"rendered":"https:\/\/weblog.rolandtenhove.nl\/?p=4095"},"modified":"2023-09-27T22:45:06","modified_gmt":"2023-09-27T20:45:06","slug":"einde-aan-gratis-regionaal-ov-in-estland","status":"publish","type":"post","link":"https:\/\/weblog.rolandtenhove.nl\/?p=4095","title":{"rendered":"Einde aan gratis regionaal OV in Estland"},"content":{"rendered":"<div id=\"fb-root\"><\/div>\n<p><strong>De kans is zeer groot dat begin volgend jaar een einde gaat komen aan het gratis openbaar streekvervoer in Estland. De beslissing is genomen door de minister van Regionale Zaken, Madis Kallas. <\/strong><\/p>\n<p>Het gratis openbaar vervoer in de regio werd enkele jaren geleden ge\u00efntroduceerd. Met het gratis maken van alle busritten, zou Estland \u00e9\u00e9n van de weinige landen ter wereld worden waar kosteloos vervoer zou worden aangeboden. Echter zorgden enkele voorwaarden in stadsconcessies ervoor dat dit niet overal ge\u00efmplementeerd kon worden. Zo was het onmogelijk om in P\u00e4rnu het openbaar vervoer gratis te maken vanwege contractuele afspraken. Daardoor mochten streekbussen geen mensen meer binnen de stadsgrenzen vervoeren.<\/p>\n<p>De overheid is nu van plan om een geharmoniseerd vervoerbewijzensysteem te introduceren. Reizigers zouden voor \u20ac1,50 een ritkaart kunnen kopen met een geldigheid van 90 minuten. Een maandabonnement zou tussen de \u20ac20 en \u20ac25 gaan kosten. Er zouden geen restricties zitten aan het geldigheidsgebied. De prijzen zullen naar verwachting in januari 2024 ingevoerd worden. Het geharmoniseerde kaartsysteem volgt later datzelfde jaar.<\/p>\n<p>Niet iedereen gaat betalen voor busritten. Personen ouder dan 63 jaar behouden het recht op gratis vervoer. Ook kinderen en jongvolwassenen tot en met 19 jaar reizen gratis.<\/p>\n","protected":false},"excerpt":{"rendered":"<p>De kans is zeer groot dat begin volgend jaar een einde gaat komen aan het gratis openbaar streekvervoer in Estland. De beslissing is genomen door de minister van Regionale Zaken, Madis Kallas. Het gratis openbaar<\/p>\n","protected":false},"author":1,"featured_media":4096,"comment_status":"closed","ping_status":"open","sticky":false,"template":"","format":"standard","meta":{"_jetpack_memberships_contains_paid_content":false,"footnotes":""},"categories":[30,31],"tags":[],"class_list":["post-4095","post","type-post","status-publish","format-standard","has-post-thumbnail","hentry","category-nieuws","category-nieuws-uit-estland"],"jetpack_featured_media_url":"https:\/\/weblog.rolandtenhove.nl\/wp-content\/uploads\/2023\/09\/ev-kommertsbuss1.jpg","featured_image_src":"https:\/\/weblog.rolandtenhove.nl\/wp-content\/uploads\/2023\/09\/ev-kommertsbuss1.jpg","featured_image_src_square":"https:\/\/weblog.rolandtenhove.nl\/wp-content\/uploads\/2023\/09\/ev-kommertsbuss1.jpg","author_info":{"display_name":"RtH","author_link":"https:\/\/weblog.rolandtenhove.nl\/?author=1"},"rbea_author_info":{"display_name":"RtH","author_link":"https:\/\/weblog.rolandtenhove.nl\/?author=1"},"rbea_excerpt_info":"De kans is zeer groot dat begin volgend jaar een einde gaat komen aan het gratis openbaar streekvervoer in Estland. De beslissing is genomen door de minister van Regionale Zaken, Madis Kallas. Het gratis openbaar","category_list":"<a href=\"https:\/\/weblog.rolandtenhove.nl\/?cat=30\" rel=\"category\">Nieuws<\/a>, <a href=\"https:\/\/weblog.rolandtenhove.nl\/?cat=31\" rel=\"category\">Nieuws uit Estland<\/a>","comments_num":"0 comments","jetpack_sharing_enabled":true,"jetpack_likes_enabled":true,"_links":{"self":[{"href":"https:\/\/weblog.rolandtenhove.nl\/index.php?rest_route=\/wp\/v2\/posts\/4095","targetHints":{"allow":["GET"]}}],"collection":[{"href":"https:\/\/weblog.rolandtenhove.nl\/index.php?rest_route=\/wp\/v2\/posts"}],"about":[{"href":"https:\/\/weblog.rolandtenhove.nl\/index.php?rest_route=\/wp\/v2\/types\/post"}],"author":[{"embeddable":true,"href":"https:\/\/weblog.rolandtenhove.nl\/index.php?rest_route=\/wp\/v2\/users\/1"}],"replies":[{"embeddable":true,"href":"https:\/\/weblog.rolandtenhove.nl\/index.php?rest_route=%2Fwp%2Fv2%2Fcomments&post=4095"}],"version-history":[{"count":1,"href":"https:\/\/weblog.rolandtenhove.nl\/index.php?rest_route=\/wp\/v2\/posts\/4095\/revisions"}],"predecessor-version":[{"id":4097,"href":"https:\/\/weblog.rolandtenhove.nl\/index.php?rest_route=\/wp\/v2\/posts\/4095\/revisions\/4097"}],"wp:featuredmedia":[{"embeddable":true,"href":"https:\/\/weblog.rolandtenhove.nl\/index.php?rest_route=\/wp\/v2\/media\/4096"}],"wp:attachment":[{"href":"https:\/\/weblog.rolandtenhove.nl\/index.php?rest_route=%2Fwp%2Fv2%2Fmedia&parent=4095"}],"wp:term":[{"taxonomy":"category","embeddable":true,"href":"https:\/\/weblog.rolandtenhove.nl\/index.php?rest_route=%2Fwp%2Fv2%2Fcategories&post=4095"},{"taxonomy":"post_tag","embeddable":true,"href":"https:\/\/weblog.rolandtenhove.nl\/index.php?rest_route=%2Fwp%2Fv2%2Ftags&post=4095"}],"curies":[{"name":"wp","href":"https:\/\/api.w.org\/{rel}","templated":true}]}}