{"id":4273,"date":"2024-03-14T01:04:57","date_gmt":"2024-03-14T00:04:57","guid":{"rendered":"https:\/\/weblog.rolandtenhove.nl\/?p=4273"},"modified":"2024-03-14T01:04:57","modified_gmt":"2024-03-14T00:04:57","slug":"emakeelepaev-2","status":"publish","type":"post","link":"https:\/\/weblog.rolandtenhove.nl\/?p=4273","title":{"rendered":"Emakeelep\u00e4ev"},"content":{"rendered":"<div id=\"fb-root\"><\/div>\n<p><strong>Vandaag, 14 maart, staat in Estland in het teken van het Ests. Letterlijk vertaald \u201cde moedertaal\u201d. Deze dag, die in 1996 werd ge\u00efntroduceerd, is sinds 1999 zelfs een offici\u00eble feestdag.<\/strong><\/p>\n<p>In 1995 nam voormalig schooldirecteur en leraar Meinhard Laks het initiatief om deze dag te introduceren ter promotie en bescherming van de Estse taal. Als datum werd de geboortedag van Kristjan Jaak Peterson gekozen. Peterson publiceerde als \u00e9\u00e9n van de eersten zijn werk in het Ests. Een taal die hij zeer geschikt achtte voor literair werk.<\/p>\n<p>De poging van Laks slaagde in 1995 deels. Hoewel in 1996 de eerste offici\u00eble editie van emakeelep\u00e4ev werd gevierd, was het nog geen nationale feestdag. De 185 geschreven steunbetuigingen die Laks bij zijn voorstel aan de cultuurcommissie van de Riigikogu had gevoegd, sorteerden niet het gewenste effect.<\/p>\n<p>In 1998 werd een nieuwe poging gewaagd. De wet rondom de nationale feestdagen werd namelijk herzien. Laks spoorde Kamerlid Raoul \u00dcksv\u00e4rav aan om emakeelep\u00e4ev onder de aandacht te brengen en deze dag tot offici\u00eble feestdag te laten bestempelen. Eind 1998 werd de wet aangenomen en na goedkeuring van toenmalig president Lennart Meri trad de wet op 24 februari 1999 in werking. In datzelfde jaar werd emakeelep\u00e4ev als offici\u00eble feestdag gevierd.<\/p>\n<p>Sindsdien worden er diverse evenementen georganiseerd rondom de Estse taal. Sinds 2006 reikt het Estse ministerie van Onderwijs een prijs uit aan personen of organisaties die zich het voorgaande jaar hebben ingezet voor het Ests. Tegelijkertijd wordt ook een publieksprijs uitgereikt. Zo won in 2020 het \u201c\u00d6\/\u00d5\u201d-standbeeld op het eiland Saaremaa, dat geplaatst is op de taalgrens waar de \u00f6 een \u00f5 wordt.<\/p>\n<p>Ook wordt er een nationaal dictee georganiseerd. Sinds 2008 kunnen ge\u00efnteresseerden hieraan meedoen door af te stemmen op de radiozender Vikerraadio.<\/p>\n","protected":false},"excerpt":{"rendered":"<p>Vandaag, 14 maart, staat in Estland in het teken van het Ests. Letterlijk vertaald \u201cde moedertaal\u201d. Deze dag, die in 1996 werd ge\u00efntroduceerd, is sinds 1999 zelfs een offici\u00eble feestdag. In 1995 nam voormalig schooldirecteur<\/p>\n","protected":false},"author":1,"featured_media":2175,"comment_status":"closed","ping_status":"open","sticky":false,"template":"","format":"standard","meta":{"_jetpack_memberships_contains_paid_content":false,"footnotes":""},"categories":[30,31],"tags":[],"class_list":["post-4273","post","type-post","status-publish","format-standard","has-post-thumbnail","hentry","category-nieuws","category-nieuws-uit-estland"],"jetpack_featured_media_url":"https:\/\/weblog.rolandtenhove.nl\/wp-content\/uploads\/2022\/02\/ev-lipp2-scaled.jpg","featured_image_src":"https:\/\/weblog.rolandtenhove.nl\/wp-content\/uploads\/2022\/02\/ev-lipp2-scaled.jpg","featured_image_src_square":"https:\/\/weblog.rolandtenhove.nl\/wp-content\/uploads\/2022\/02\/ev-lipp2-scaled.jpg","author_info":{"display_name":"RtH","author_link":"https:\/\/weblog.rolandtenhove.nl\/?author=1"},"rbea_author_info":{"display_name":"RtH","author_link":"https:\/\/weblog.rolandtenhove.nl\/?author=1"},"rbea_excerpt_info":"Vandaag, 14 maart, staat in Estland in het teken van het Ests. Letterlijk vertaald \u201cde moedertaal\u201d. Deze dag, die in 1996 werd ge\u00efntroduceerd, is sinds 1999 zelfs een offici\u00eble feestdag. In 1995 nam voormalig schooldirecteur","category_list":"<a href=\"https:\/\/weblog.rolandtenhove.nl\/?cat=30\" rel=\"category\">Nieuws<\/a>, <a href=\"https:\/\/weblog.rolandtenhove.nl\/?cat=31\" rel=\"category\">Nieuws uit Estland<\/a>","comments_num":"0 comments","jetpack_sharing_enabled":true,"jetpack_likes_enabled":true,"_links":{"self":[{"href":"https:\/\/weblog.rolandtenhove.nl\/index.php?rest_route=\/wp\/v2\/posts\/4273","targetHints":{"allow":["GET"]}}],"collection":[{"href":"https:\/\/weblog.rolandtenhove.nl\/index.php?rest_route=\/wp\/v2\/posts"}],"about":[{"href":"https:\/\/weblog.rolandtenhove.nl\/index.php?rest_route=\/wp\/v2\/types\/post"}],"author":[{"embeddable":true,"href":"https:\/\/weblog.rolandtenhove.nl\/index.php?rest_route=\/wp\/v2\/users\/1"}],"replies":[{"embeddable":true,"href":"https:\/\/weblog.rolandtenhove.nl\/index.php?rest_route=%2Fwp%2Fv2%2Fcomments&post=4273"}],"version-history":[{"count":1,"href":"https:\/\/weblog.rolandtenhove.nl\/index.php?rest_route=\/wp\/v2\/posts\/4273\/revisions"}],"predecessor-version":[{"id":4274,"href":"https:\/\/weblog.rolandtenhove.nl\/index.php?rest_route=\/wp\/v2\/posts\/4273\/revisions\/4274"}],"wp:featuredmedia":[{"embeddable":true,"href":"https:\/\/weblog.rolandtenhove.nl\/index.php?rest_route=\/wp\/v2\/media\/2175"}],"wp:attachment":[{"href":"https:\/\/weblog.rolandtenhove.nl\/index.php?rest_route=%2Fwp%2Fv2%2Fmedia&parent=4273"}],"wp:term":[{"taxonomy":"category","embeddable":true,"href":"https:\/\/weblog.rolandtenhove.nl\/index.php?rest_route=%2Fwp%2Fv2%2Fcategories&post=4273"},{"taxonomy":"post_tag","embeddable":true,"href":"https:\/\/weblog.rolandtenhove.nl\/index.php?rest_route=%2Fwp%2Fv2%2Ftags&post=4273"}],"curies":[{"name":"wp","href":"https:\/\/api.w.org\/{rel}","templated":true}]}}