{"id":5400,"date":"2025-06-23T01:00:11","date_gmt":"2025-06-22T23:00:11","guid":{"rendered":"https:\/\/weblog.rolandtenhove.nl\/?p=5400"},"modified":"2025-06-23T00:31:26","modified_gmt":"2025-06-22T22:31:26","slug":"jaanipaev-3","status":"publish","type":"post","link":"https:\/\/weblog.rolandtenhove.nl\/?p=5400","title":{"rendered":"Jaanip\u00e4ev"},"content":{"rendered":"<div id=\"fb-root\"><\/div>\n<p><strong>De komende twee dagen, staan in Estland in het teken van Jaani\u00f5htu en Jaanip\u00e4ev, ofwel Midzomerdag. Daarnaast valt V\u00f5idup\u00e4ev, dag van de overwinning, ook jaarlijks op 23 juni. Op deze dag in 1919 versloeg het Estse leger de Duitsers bij de Slag bij V\u00f5nnu (<b>C\u0113sis<\/b> in het huidige Letland).\u00a0<\/strong><\/p>\n<p>In 2024 en 2023 schreef ik al eerder over Jaanip\u00e4ev. <a href=\"https:\/\/weblog.rolandtenhove.nl\/?p=4404\">Je leest het stuk uit 2024 hier terug.<\/a> <a href=\"https:\/\/weblog.rolandtenhove.nl\/?p=3756\">Het artikel uit 2023 is hier terug te vinden.<\/a><\/p>\n","protected":false},"excerpt":{"rendered":"<p>De komende twee dagen, staan in Estland in het teken van Jaani\u00f5htu en Jaanip\u00e4ev, ofwel Midzomerdag. Daarnaast valt V\u00f5idup\u00e4ev, dag van de overwinning, ook jaarlijks op 23 juni. Op deze dag in 1919 versloeg het<\/p>\n","protected":false},"author":1,"featured_media":2176,"comment_status":"closed","ping_status":"open","sticky":false,"template":"","format":"standard","meta":{"_jetpack_memberships_contains_paid_content":false,"footnotes":""},"categories":[30,31],"tags":[],"class_list":["post-5400","post","type-post","status-publish","format-standard","has-post-thumbnail","hentry","category-nieuws","category-nieuws-uit-estland"],"jetpack_featured_media_url":"https:\/\/weblog.rolandtenhove.nl\/wp-content\/uploads\/2022\/02\/ev-lipp3-scaled.jpg","featured_image_src":"https:\/\/weblog.rolandtenhove.nl\/wp-content\/uploads\/2022\/02\/ev-lipp3-scaled.jpg","featured_image_src_square":"https:\/\/weblog.rolandtenhove.nl\/wp-content\/uploads\/2022\/02\/ev-lipp3-scaled.jpg","author_info":{"display_name":"RtH","author_link":"https:\/\/weblog.rolandtenhove.nl\/?author=1"},"rbea_author_info":{"display_name":"RtH","author_link":"https:\/\/weblog.rolandtenhove.nl\/?author=1"},"rbea_excerpt_info":"De komende twee dagen, staan in Estland in het teken van Jaani\u00f5htu en Jaanip\u00e4ev, ofwel Midzomerdag. Daarnaast valt V\u00f5idup\u00e4ev, dag van de overwinning, ook jaarlijks op 23 juni. Op deze dag in 1919 versloeg het","category_list":"<a href=\"https:\/\/weblog.rolandtenhove.nl\/?cat=30\" rel=\"category\">Nieuws<\/a>, <a href=\"https:\/\/weblog.rolandtenhove.nl\/?cat=31\" rel=\"category\">Nieuws uit Estland<\/a>","comments_num":"0 comments","jetpack_sharing_enabled":true,"jetpack_likes_enabled":true,"_links":{"self":[{"href":"https:\/\/weblog.rolandtenhove.nl\/index.php?rest_route=\/wp\/v2\/posts\/5400","targetHints":{"allow":["GET"]}}],"collection":[{"href":"https:\/\/weblog.rolandtenhove.nl\/index.php?rest_route=\/wp\/v2\/posts"}],"about":[{"href":"https:\/\/weblog.rolandtenhove.nl\/index.php?rest_route=\/wp\/v2\/types\/post"}],"author":[{"embeddable":true,"href":"https:\/\/weblog.rolandtenhove.nl\/index.php?rest_route=\/wp\/v2\/users\/1"}],"replies":[{"embeddable":true,"href":"https:\/\/weblog.rolandtenhove.nl\/index.php?rest_route=%2Fwp%2Fv2%2Fcomments&post=5400"}],"version-history":[{"count":1,"href":"https:\/\/weblog.rolandtenhove.nl\/index.php?rest_route=\/wp\/v2\/posts\/5400\/revisions"}],"predecessor-version":[{"id":5401,"href":"https:\/\/weblog.rolandtenhove.nl\/index.php?rest_route=\/wp\/v2\/posts\/5400\/revisions\/5401"}],"wp:featuredmedia":[{"embeddable":true,"href":"https:\/\/weblog.rolandtenhove.nl\/index.php?rest_route=\/wp\/v2\/media\/2176"}],"wp:attachment":[{"href":"https:\/\/weblog.rolandtenhove.nl\/index.php?rest_route=%2Fwp%2Fv2%2Fmedia&parent=5400"}],"wp:term":[{"taxonomy":"category","embeddable":true,"href":"https:\/\/weblog.rolandtenhove.nl\/index.php?rest_route=%2Fwp%2Fv2%2Fcategories&post=5400"},{"taxonomy":"post_tag","embeddable":true,"href":"https:\/\/weblog.rolandtenhove.nl\/index.php?rest_route=%2Fwp%2Fv2%2Ftags&post=5400"}],"curies":[{"name":"wp","href":"https:\/\/api.w.org\/{rel}","templated":true}]}}