{"id":5691,"date":"2025-09-14T12:00:21","date_gmt":"2025-09-14T10:00:21","guid":{"rendered":"https:\/\/weblog.rolandtenhove.nl\/?p=5691"},"modified":"2025-09-14T00:47:44","modified_gmt":"2025-09-13T22:47:44","slug":"israel-en-het-songfestival","status":"publish","type":"post","link":"https:\/\/weblog.rolandtenhove.nl\/?p=5691","title":{"rendered":"Isra\u00ebl en het Songfestival"},"content":{"rendered":"<div id=\"fb-root\"><\/div>\n<p><strong>Vrijdag maakte de omroep AVROTROS bekend niet deel te zullen nemen aan het komende Eurovisie Songfestival als Isra\u00ebl deel mag nemen.\u00a0<\/strong><\/p>\n<p>AVROTROS laat in een verklaring weten dat deelname niet verenigbaar is met de kernwaarden van de omroep. De situatie in Gaza, de bewezen inmenging van de Isra\u00eblische regering tijdens het vorige Songfestival en de persvrijheid die in Isra\u00ebl onder druk staat, zijn doorslaggevend geweest. De Nederlandse omroep volgt hierin het voorbeeld van de Ierse publieke omroep, RT\u00c9. Zij lieten eerder deze week weten deelname te heroverwegen mocht Isra\u00ebl deelnemen. Ook Sloveni\u00eb en Spanje twijfelen.<\/p>\n<p>Het nieuws domineerde vrijwel alle nieuwsrubrieken en praatprogramma&#8217;s. Zowel voor- als tegenstanders kregen een podium om hun mening te ventileren. Experts duidden de kwestie. In veel reportages en gesprekken werd de situatie vergeleken met Rusland. Want, zo werd gesteld, waarom mag Rusland niet deelnemen en Isra\u00ebl nog wel? Beide landen voeren namelijk een oorlog en zijn geenszins van plan om die op korte termijn te be\u00ebindigen. Over de aanleiding van beide oorlogen is het in het geval van Rusland zonneklaar dat het land zonder enige aanleiding Oekra\u00efne binnenviel. De oorlog in Isra\u00ebl en Palestina is complexer. Immers viel Hamas Isra\u00ebl aan, waarna Isra\u00ebl logischerwijs reageerde. Maar nu we enkele jaren verder zijn, en diverse experts zeggen dat er sprake is van genocide in Gaza, lijkt Isra\u00ebl het punt van zelfverdediging al lang en breed voorbij. Ook in Isra\u00ebl zelf wordt tegen de oorlog gedemonstreerd.<\/p>\n<p>Het klopt dat de EBU Rusland in 2022 vrij snel uitsloot van deelname nadat diverse landen dreigden zich terug te trekken. Het werd gezien als een daadkrachtig optreden van de organisatie. In de motivatie van de EBU werd voornamelijk gehamerd op de persvrijheid in Rusland. Het is een algemeen bekend feit dat de Russische omroepen de laatste jaren steeds meer zijn gaan functioneren al propagandakanalen. Dit druist in tegen de regels van de EBU. Deelname van Rusland zou daarnaast ook het Eurovisie Songfestival in diskrediet brengen, luidde de verklaring. Dit had voornamelijk te maken met de houding van de omroepen, die stelden namelijk hun lidmaatschap op te zeggen. De EBU reageerde direct, en schorste de omroepen, waardoor deelname van Rusland aan het Eurovisie Songfestival niet meer mogelijk is. Vooralsnog hebben de omroepen hun lidmaatschap niet opgezegd.<\/p>\n<blockquote><p><em>In Isra\u00ebl is er sinds 2024 het een en ander veranderd. Ik schreef in april 2024 al eerder een artikel over Isra\u00ebl en Rusland op het Eurovisie Songfestival. Je kan het <a href=\"https:\/\/weblog.rolandtenhove.nl\/?p=4297\">hier<\/a> teruglezen. In dat artikel stelde ik dat beide landen niet te vergelijken zijn.\u00a0<\/em><\/p><\/blockquote>\n<p>Maar de roep tot een boycot wordt steeds luider. De gebeurtenissen in Gaza zijn voor veel mensen reden om de EBU te vragen Isra\u00ebl uit te sluiten. De kans dat de EBU op basis hiervan Isra\u00ebl gaat uitsluiten, is klein. Er zijn vaker conflicten tussen landen, waarna beide landen alsnog op het podium verschijnen. Denk bijvoorbeeld aan Oekra\u00efne en Rusland. Dat laatste land viel in 2014 Oekra\u00efne voor het eerst binnen. Maar ook Azerbeidzjan en Armeni\u00eb leven al een tijdje op gespannen voet met elkaar. Mocht de EBU Isra\u00ebl uit willen sluiten, dan zullen ze dat waarschijnlijk doen op basis van de voorwaarden die gesteld worden aan een lidmaatschap. In dit geval zal er ongetwijfeld gekeken worden naar de wijze waarop de deelnemende omroep zich positioneert in het medialandschap.<\/p>\n<p>De omroep, KAN, heeft het in eigen land behoorlijk zwaar. Begin 2023 stelde de nieuwe minister van Communicatie dat er in Isra\u00ebl &#8220;geen plek is voor een publieke omroep&#8221;. Een wetsvoorstel om dit te regelen, zou snel volgen. Tegelijkertijd was er ook kritiek vanuit de oppositie en de EBU. De plannen verdwenen in de ijskast, maar niet voor lang. In november 2024 presenteerde de regering alsnog een aantal wetsvoorstellen die de druk op KAN opvoerden. De Isra\u00eblische regering wil de omroep te koop zetten, waardoor Isra\u00ebl in feite geen publieke omroep meer heeft.\u00a0 Mocht er geen partij zijn die de omroep wil kopen, dan zou de omroep opgeheven worden. Journalisten waren bang dat deze actie de persvrijheid in Isra\u00ebl zou ondermijnen. Niet alleen journalistenorganisaties waren hier bang voor, ook de EBU uitte zorgen. Zoveel zelfs, dat de organisatie een brief naar de regering stuurde. Een passage uit de brief, bereikte ook de kranten in Isra\u00ebl. Wanneer de regering daadwerkelijk de publieke omroep zou privatiseren, zou dit invloed hebben op de persvrijheid en de democratie in Isra\u00ebl. Een dergelijke actie zou ook gevolgen hebben voor de deelname aan het Eurovisie Songfestival.<\/p>\n<p>Het wetsvoorstel werd tegengehouden tijdens een stemming. Een partijgenoot van de verantwoordelijke minister vindt een publieke omroep noodzakelijk. De minister blijft bij zijn standpunt en zal andere manieren zoeken om zijn plan uit te voeren. Ondertussen werd er nog een andere wet aangenomen, waardoor de invloed van de regering iets groter wordt bij de publieke omroep. Leden van de Raad van Toezicht van omroep KAN worden normaal gesproken benoemd door een onafhankelijk comit\u00e9. Deze leden hebben een grote invloed binnen de omroep, zij zijn namelijk verantwoordelijk voor het aannamebeleid voor belangrijke functies. Zo worden de personen die bijvoorbeeld het beleid maken en de begroting opstellen door hen aangesteld.<\/p>\n<p>Het onafhankelijke comit\u00e9 is door de wetswijziging vervangen door de regering, waar de minister van Communicatie het laatste woord heeft bij elke benoeming. Hierdoor krijgt de Isra\u00eblische regering iets meer invloed op KAN. Een situatie die bij\u00a0<em>Public Media Alliance<\/em>, een organisatie die zich inzet voor publieke omroepen wereldwijd, met argusogen wordt bekeken. Men is bang dat de onafhankelijkheid van de omroep in het geding komt. Een ander wetsvoorstel onderstreept dit vermoeden. Er is namelijk ook een wet in de maak die de omroep verplicht hun begroting inhoudelijk te verdedigen bij de Economische Commissie van de Knesset. Hierdoor krijgt de regering directe invloed op de zender, in plaats van indirect.<\/p>\n<p>Tot slot is er ook de wijze waarop de Isra\u00eblische omroep commentaar gaf bij sommige inzendingen. Hierin werden die deelnemers beticht van antisemitisme, terwijl zij zich enkel uitspraken tegen de oorlog in Gaza. Je zou bijna kunnen stellen dat de omroep hiermee het Songfestival in diskrediet heeft gebracht.<\/p>\n<p>Al met al kan de EBU makkelijk beargumenteren waarom Isra\u00ebl niet deel zou mogen nemen, zonder de oorlog in Gaza erbij te betrekken. Immers speelde \u00e9\u00e9n van de kwesties al voordat de oorlog startte.<\/p>\n<p>&nbsp;<\/p>\n","protected":false},"excerpt":{"rendered":"<p>Vrijdag maakte de omroep AVROTROS bekend niet deel te zullen nemen aan het komende Eurovisie Songfestival als Isra\u00ebl deel mag nemen.\u00a0 AVROTROS laat in een verklaring weten dat deelname niet verenigbaar is met de kernwaarden<\/p>\n","protected":false},"author":1,"featured_media":5694,"comment_status":"open","ping_status":"open","sticky":false,"template":"","format":"standard","meta":{"_jetpack_memberships_contains_paid_content":false,"footnotes":""},"categories":[146,1],"tags":[],"class_list":["post-5691","post","type-post","status-publish","format-standard","has-post-thumbnail","hentry","category-opinie","category-overige"],"jetpack_featured_media_url":"https:\/\/weblog.rolandtenhove.nl\/wp-content\/uploads\/2025\/09\/ev-esc2026-1.jpg","featured_image_src":"https:\/\/weblog.rolandtenhove.nl\/wp-content\/uploads\/2025\/09\/ev-esc2026-1.jpg","featured_image_src_square":"https:\/\/weblog.rolandtenhove.nl\/wp-content\/uploads\/2025\/09\/ev-esc2026-1.jpg","author_info":{"display_name":"RtH","author_link":"https:\/\/weblog.rolandtenhove.nl\/?author=1"},"rbea_author_info":{"display_name":"RtH","author_link":"https:\/\/weblog.rolandtenhove.nl\/?author=1"},"rbea_excerpt_info":"Vrijdag maakte de omroep AVROTROS bekend niet deel te zullen nemen aan het komende Eurovisie Songfestival als Isra\u00ebl deel mag nemen.\u00a0 AVROTROS laat in een verklaring weten dat deelname niet verenigbaar is met de kernwaarden","category_list":"<a href=\"https:\/\/weblog.rolandtenhove.nl\/?cat=146\" rel=\"category\">Opinie<\/a>, <a href=\"https:\/\/weblog.rolandtenhove.nl\/?cat=1\" rel=\"category\">Overige<\/a>","comments_num":"0 comments","jetpack_sharing_enabled":true,"jetpack_likes_enabled":true,"_links":{"self":[{"href":"https:\/\/weblog.rolandtenhove.nl\/index.php?rest_route=\/wp\/v2\/posts\/5691","targetHints":{"allow":["GET"]}}],"collection":[{"href":"https:\/\/weblog.rolandtenhove.nl\/index.php?rest_route=\/wp\/v2\/posts"}],"about":[{"href":"https:\/\/weblog.rolandtenhove.nl\/index.php?rest_route=\/wp\/v2\/types\/post"}],"author":[{"embeddable":true,"href":"https:\/\/weblog.rolandtenhove.nl\/index.php?rest_route=\/wp\/v2\/users\/1"}],"replies":[{"embeddable":true,"href":"https:\/\/weblog.rolandtenhove.nl\/index.php?rest_route=%2Fwp%2Fv2%2Fcomments&post=5691"}],"version-history":[{"count":2,"href":"https:\/\/weblog.rolandtenhove.nl\/index.php?rest_route=\/wp\/v2\/posts\/5691\/revisions"}],"predecessor-version":[{"id":5693,"href":"https:\/\/weblog.rolandtenhove.nl\/index.php?rest_route=\/wp\/v2\/posts\/5691\/revisions\/5693"}],"wp:featuredmedia":[{"embeddable":true,"href":"https:\/\/weblog.rolandtenhove.nl\/index.php?rest_route=\/wp\/v2\/media\/5694"}],"wp:attachment":[{"href":"https:\/\/weblog.rolandtenhove.nl\/index.php?rest_route=%2Fwp%2Fv2%2Fmedia&parent=5691"}],"wp:term":[{"taxonomy":"category","embeddable":true,"href":"https:\/\/weblog.rolandtenhove.nl\/index.php?rest_route=%2Fwp%2Fv2%2Fcategories&post=5691"},{"taxonomy":"post_tag","embeddable":true,"href":"https:\/\/weblog.rolandtenhove.nl\/index.php?rest_route=%2Fwp%2Fv2%2Ftags&post=5691"}],"curies":[{"name":"wp","href":"https:\/\/api.w.org\/{rel}","templated":true}]}}